{"id":4206,"date":"2021-06-08T11:12:31","date_gmt":"2021-06-08T17:12:31","guid":{"rendered":"https:\/\/www.psicologialaboral.net\/articulos\/?p=4206"},"modified":"2021-06-08T11:20:26","modified_gmt":"2021-06-08T17:20:26","slug":"historias-de-motivacion-para-el-trabajo","status":"publish","type":"post","link":"https:\/\/www.psicologialaboral.net\/articulos\/4206\/historias-de-motivacion-para-el-trabajo\/","title":{"rendered":"Historias de motivaci\u00f3n para el trabajo."},"content":{"rendered":"\t\t<div data-elementor-type=\"wp-post\" data-elementor-id=\"4206\" class=\"elementor elementor-4206\">\n\t\t\t\t\t\t<section class=\"elementor-section elementor-top-section elementor-element elementor-element-eadc142 elementor-section-boxed elementor-section-height-default elementor-section-height-default\" data-id=\"eadc142\" data-element_type=\"section\">\n\t\t\t\t\t\t<div class=\"elementor-container elementor-column-gap-default\">\n\t\t\t\t\t<div class=\"elementor-column elementor-col-100 elementor-top-column elementor-element elementor-element-f3e53fb\" data-id=\"f3e53fb\" data-element_type=\"column\">\n\t\t\t<div class=\"elementor-widget-wrap elementor-element-populated\">\n\t\t\t\t\t\t<div class=\"elementor-element elementor-element-6225b8f elementor-widget elementor-widget-image\" data-id=\"6225b8f\" data-element_type=\"widget\" data-widget_type=\"image.default\">\n\t\t\t\t<div class=\"elementor-widget-container\">\n\t\t\t\t\t\t\t\t\t\t\t\t\t\t\t<img fetchpriority=\"high\" decoding=\"async\" width=\"1024\" height=\"576\" src=\"https:\/\/www.psicologialaboral.net\/articulos\/wp-content\/uploads\/2021\/06\/Historias-de-motivacion-para-el-trabajo-1024x576.jpg\" class=\"attachment-large size-large wp-image-4207\" alt=\"\" srcset=\"https:\/\/www.psicologialaboral.net\/articulos\/wp-content\/uploads\/2021\/06\/Historias-de-motivacion-para-el-trabajo-1024x576.jpg 1024w, https:\/\/www.psicologialaboral.net\/articulos\/wp-content\/uploads\/2021\/06\/Historias-de-motivacion-para-el-trabajo-300x169.jpg 300w, https:\/\/www.psicologialaboral.net\/articulos\/wp-content\/uploads\/2021\/06\/Historias-de-motivacion-para-el-trabajo-768x432.jpg 768w, https:\/\/www.psicologialaboral.net\/articulos\/wp-content\/uploads\/2021\/06\/Historias-de-motivacion-para-el-trabajo-1536x864.jpg 1536w, https:\/\/www.psicologialaboral.net\/articulos\/wp-content\/uploads\/2021\/06\/Historias-de-motivacion-para-el-trabajo.jpg 1920w\" sizes=\"(max-width: 1024px) 100vw, 1024px\" \/>\t\t\t\t\t\t\t\t\t\t\t\t\t\t\t<\/div>\n\t\t\t\t<\/div>\n\t\t\t\t\t<\/div>\n\t\t<\/div>\n\t\t\t\t\t<\/div>\n\t\t<\/section>\n\t\t\t\t<section class=\"elementor-section elementor-top-section elementor-element elementor-element-af3047c elementor-section-boxed elementor-section-height-default elementor-section-height-default\" data-id=\"af3047c\" data-element_type=\"section\">\n\t\t\t\t\t\t<div class=\"elementor-container elementor-column-gap-default\">\n\t\t\t\t\t<div class=\"elementor-column elementor-col-100 elementor-top-column elementor-element elementor-element-fde8e09\" data-id=\"fde8e09\" data-element_type=\"column\">\n\t\t\t<div class=\"elementor-widget-wrap elementor-element-populated\">\n\t\t\t\t\t\t<div class=\"elementor-element elementor-element-a3ad55e elementor-widget elementor-widget-text-editor\" data-id=\"a3ad55e\" data-element_type=\"widget\" data-widget_type=\"text-editor.default\">\n\t\t\t\t<div class=\"elementor-widget-container\">\n\t\t\t\t\t\t\t\t\t<p>!Muchas gracias Yanet por tu historia!<\/p><p>\u00a0<\/p><p>Hola mis saludos ante todo le escribo para contarle mi experiencia acerca del tema publicado La l\u00edder Patricia donde se habla del liderazgo y las limitantes.<\/p><p>Les cuento en mi caso personal porq al leer este art\u00edculo me sent\u00ed identificada con el ,al haber tenido una experiencia que considero bastante cercana a la que en este art\u00edculo se trata.<span style=\"color: var( --e-global-color-text ); font-family: var( --e-global-typography-text-font-family ), Sans-serif; font-weight: var( --e-global-typography-text-font-weight ); background-color: transparent;\">\u00a0<\/span><\/p><p>Yo soy licenciada en enfermer\u00eda con 12 a\u00f1os de trabajo en un hospital pediatrico me gradu\u00e9 con t\u00edtulo de oro porq comenc\u00e9 mi carrera con deseos de estudiarla, mis padres ,ambos son profesionales de la salud tambi\u00e9n, mi madre licenciada en enfermer\u00eda durante toda su vida laboral y mi padre m\u00e9dico pediatra.Disculpen que me vaya un poco del tema pero creo importante decirles esto para que vean cu\u00e1nto de importante era mi carrera para mi y por ello me dediqu\u00e9 a estudiar los 5 a\u00f1os y me gradu\u00e9 con t\u00edtulo de oro siendo el primer expediente de mi a\u00f1o y comenc\u00e9 a trabajar en el hospital pediatrico porq me gustaba el trabajo con los ni\u00f1os.Ojo la desicion de estudiar mi carrera fue m\u00eda y no de mis padres.Desde que me gradu\u00e9 sent\u00ed muchos deseos de seguir super\u00e1ndome y al verme con capacidades me fueron dando tareas las cuales cumpl\u00eda con mucho inter\u00e9s y responsabilidad y dentro de estas me categorice para impartir clases a alumnos de la carrera de licenciatura en enfermer\u00eda,claro est\u00e1 hab\u00eda personas que cre\u00edan q era muy joven para tantas tareas y me cre\u00edan incapaces y fui demostrando que era capaz ,que ten\u00eda conocimientos que me dejaba orientar por los de m\u00e1s experiencia porque por supuesto me gustaba contar con aquellos que se supon\u00eda supieran m\u00e1s que yo en fin me ganaba la confianza de todos incluso de aquellos q al verme tan joven no cre\u00edan de lo q fuera capaz y por supuesto asum\u00eda con gran entusiasmo cada reto pues ve\u00eda en ello ,me crec\u00eda y aprend\u00eda con cada experiencia .<\/p><p>Yo era la docente de una sala de pediatr\u00eda pero asum\u00eda sin dificultad todas las tareas administrativas y de otro orden que en un momento determinado hiciera falta ,por ejemplo sino ten\u00eda secretaria de sala hacia pedido de medicamento a farmacia gestionaba todo lo que tuviera que ver con los pacientes ,fung\u00eda de jefa de sala cuando era necesario en mi sala y en otra ,sab\u00eda y dominaba las funciones de est\u00e1s y x tanto no era problema para mi porq sab\u00eda hacer todo lo q pudiera hacer una enfermera ,aplicaba ex\u00e1menes participaba en los tribunales de examen, impart\u00eda conferencias ,hacia los planes de trabajo y rotaci\u00f3n de enfermer\u00eda en fin de todo.<\/p><p>Estuve de jefa de sala y docente y al incorporarme de licencia de maternidad me dieron la tarea de ser la jefa de la central de esterilizaci\u00f3n lo cual lleve tambi\u00e9n muy bien, como todo cambio genera estr\u00e9s porq era diferente el trabajo ,el personal con el q iba a laboral ya no era de enfermer\u00eda y llevaba muchos controles pero al fin licenciada aprend\u00ed y me fue muy bien durante ese periodo .Resulto que fue de mi inter\u00e9s hacer un examen de ingl\u00e9s para trabajar fuera del pa\u00eds y me present\u00e9 a un examen para trabajar en Qatar y fui aprobada y me fui para all\u00e1 x un contrato de dos a\u00f1os.<\/p><p>All\u00e1 la experiencia muy buena profesionalmente nos exig\u00edan cursos de superaci\u00f3n anualmente muy buenos todo lo que siempre ame,la superaci\u00f3n ,me sent\u00eda realizada disfrutaba estudIando para cada curso que hac\u00edamos de desastre ,control de infeccciones, fuego y seguridad, apoyo vital en pediatr\u00eda, etc. Al todo ser tan novedoso ,en otro idioma pese a q dominaba el ingl\u00e9s pero se hablaba tambi\u00e9n arabe ,al estar lejos de mi familia y de todas las personas que formaban mi c\u00edrculo diario y adem\u00e1s los pacientes ser de otra cultura y de momento verme rodeada de personas tan diferentes ,me comenc\u00e9 a sentir muy insegura ,las decisiones que normAlmente yo tomaba sola me ve\u00eda consultAndolas a\u00fan cuando estaba segura que sab\u00eda lo q hacia ,me ve\u00eda revisando constantemente leyendo varias veces lo mismo para cerciorarme y no errar, nada la vida profesional de momento me cambio y el estr\u00e9s era muy grande ,poco a poco me fui sintiendo mejor, m\u00e1s confiada ,estudiaba mucho era muy cautelosa y revisaba todo ,pero no me quer\u00eda dar a notar ,pasaba desapercibida ,solo algunas chicas que conversaban conmigo me conoc\u00edan y sab\u00edan q era capaz pero para la vista de otros era alguien q tal vez por suerte estaba all\u00ed y eso que dominaba muy bien el idioma me relacionaba con mis pacientes y ten\u00eda la gratificaci\u00f3n de ellos vaya el agradecimiento con sus gestos y palabras porq me esmeraba en dar un trato bueno y que la atenci\u00f3n fuera la mejor no por obtener reconocimiento sino porq quer\u00eda que mis pacientes se sintiera bien.<\/p><p>Nada no volv\u00ed a ser yo misma la Yanet de siempre hasta que regrese ,vaya fui haciendo cosas para demostrarme a m\u00ed misma qui\u00e9n era y logre all\u00e1 impartir algunos cursitos al personal de la brigada que all\u00ed laboraba me reconoc\u00edan que ten\u00eda responsabilidad y era capaz y ten\u00eda dominio del idioma y expuse trabajos en eventos cient\u00edficos y cosas as\u00ed pero en esencia estaba ap\u00e1tica a las actividades festivas x ejemplo no ten\u00eda deseos de celebrar ,solo me enfocaba en leer temas interesantes en sacar mis cursos ,comenc\u00e9 a presentar problemas para dormir ,alteraciones en el estado de animo pese a q siempre fui empat\u00edca porq mis compa\u00f1eras lo dec\u00edan me sent\u00eda mal lloraba con facilidad,no s\u00e9 si era inseguridad o la compa\u00f1\u00eda de mi compa\u00f1era de turno que luego de estudiarle una vez q se fue de mi turno me percat\u00e9 que ten\u00eda una influencia negativa sobre mi y al estar yo vulnerable en un medio de estr\u00e9s ,fuera de mi \u00e1mbito familiar lejos de mis amistades me sent\u00eda sola y ello me llev\u00f3 a querer regresar a los dos a\u00f1os ,pese a mi trabajo fue bueno y obtuve reconocimientos por ello por mi desempe\u00f1o nunca logr\u00e9 ser yo ,la yanet capaz q tomaba desiciones x si misma vaya demostr\u00e9 de lo q era capaz y de sorprend\u00edan algunos porq el hospital fue acreditado y tuvimos que aprendernos muchas pol\u00edticas y superarnos constantemente pero a\u00fan as\u00ed me sent\u00eda otra persona, a\u00fan hoy no estoy segura de que fue lo que determin\u00f3 eso.<\/p><p>Creo que adem\u00e1s del estr\u00e9s lo que m\u00e1s influy\u00f3 en mi aptitud all\u00e1 fue la influencia negativa de mi compa\u00f1era de turno que no dudaba en minimizarme o querer imponer sus criterio y yo por mantener un ambiente agradable de trabajo pese a q a veces le dec\u00eda lo que creia y le demstara a con conocimientos que ten\u00eda raz\u00f3n generalmente me callaba y cada d\u00eda hablaba menos con ella ,creo q eso fue lo determinante pero es incre\u00edble lo que puede hacer una influencia negativa porq luego de mucho tiempo ya cuando ten\u00eda cercana mi fecha de viajar para regresarme a mi pa\u00eds me pusieron a trabajar con otra persona totaLmente distinta a la anterior y me sent\u00eda diferente mi estado de \u00e1nimo cambio ve\u00eda q pod\u00eda tomar mis desiciones sin miedo a equivocarme porq est\u00e1 persona cuando le comentaba voy a hacer esto me dec\u00eda claro y me inspiraba confianza as\u00ed q ,entiendo el porq tambi\u00e9n las personas luego deciden mantener un bajo perfil ,si el colectivo ofrece resistencia los agrede verbalmente pues mientras hay unos que se imponen hay otros que simplemente no quieren estar en esa lucha constante .Hoy entiendo muchas cosas y quisiera que mi experiencia fuera comentada y le sirviera a otros pues uno vuelve a ser lo que siempre ha sido pero hay momentos cruciales ,circunstancias que le cambian a uno la vida y uno cree ser otra persona mi consejo a todos creer en uno mismo repetirnos quienes somos realmente por m\u00e1s dif\u00edcil que sea la situaci\u00f3n siempre confiar en lo que somos capaces de hacer ,incre\u00edble pero uno vuelve a ser lo que era antes y m\u00e1s por supuesto ,m\u00e1s capaz ,con m\u00e1s experiencias ,m\u00e1s conocimientos ,m\u00e1s seguridad.<\/p><p>Gracias a todos espero que esto les sirva esta fue mi experiencia personal,por favor le agradezco cualquier sugerencia o comentario al respecto que me sirva para experiencias futuras .<\/p>\t\t\t\t\t\t\t\t<\/div>\n\t\t\t\t<\/div>\n\t\t\t\t\t<\/div>\n\t\t<\/div>\n\t\t\t\t\t<\/div>\n\t\t<\/section>\n\t\t\t\t<section class=\"elementor-section elementor-top-section elementor-element elementor-element-f3086d6 elementor-section-boxed elementor-section-height-default elementor-section-height-default\" data-id=\"f3086d6\" data-element_type=\"section\">\n\t\t\t\t\t\t<div class=\"elementor-container elementor-column-gap-default\">\n\t\t\t\t\t<div class=\"elementor-column elementor-col-100 elementor-top-column elementor-element elementor-element-1abad7d\" data-id=\"1abad7d\" data-element_type=\"column\">\n\t\t\t<div class=\"elementor-widget-wrap elementor-element-populated\">\n\t\t\t\t\t\t<div class=\"elementor-element elementor-element-3d1503a elementor-widget-divider--view-line elementor-widget elementor-widget-divider\" data-id=\"3d1503a\" data-element_type=\"widget\" data-widget_type=\"divider.default\">\n\t\t\t\t<div class=\"elementor-widget-container\">\n\t\t\t\t\t\t\t<div class=\"elementor-divider\">\n\t\t\t<span class=\"elementor-divider-separator\">\n\t\t\t\t\t\t<\/span>\n\t\t<\/div>\n\t\t\t\t\t\t<\/div>\n\t\t\t\t<\/div>\n\t\t\t\t\t<\/div>\n\t\t<\/div>\n\t\t\t\t\t<\/div>\n\t\t<\/section>\n\t\t\t\t<section class=\"elementor-section elementor-top-section elementor-element elementor-element-ffa607b elementor-section-boxed elementor-section-height-default elementor-section-height-default\" data-id=\"ffa607b\" data-element_type=\"section\">\n\t\t\t\t\t\t<div class=\"elementor-container elementor-column-gap-default\">\n\t\t\t\t\t<div class=\"elementor-column elementor-col-100 elementor-top-column elementor-element elementor-element-0cbcf79\" data-id=\"0cbcf79\" data-element_type=\"column\">\n\t\t\t<div class=\"elementor-widget-wrap elementor-element-populated\">\n\t\t\t\t\t\t<div class=\"elementor-element elementor-element-6e32ed3 elementor-widget elementor-widget-text-editor\" data-id=\"6e32ed3\" data-element_type=\"widget\" data-widget_type=\"text-editor.default\">\n\t\t\t\t<div class=\"elementor-widget-container\">\n\t\t\t\t\t\t\t\t\t<p>!Gracias Fabiola por compartir esta historia con nosotros!<\/p><p><span style=\"font-size: 12.0pt; color: black;\">Gracias por la oportunidad que me brinda para as\u00ed poder dar a conocer mi historia, que no es ni mas ni menos que la vida com\u00fan de una mujer, pero que esta mujer padece de una discapacidad f\u00edsica.Vivo en Ecuador desde los 2 a\u00f1os de vida sufro de poliomielitis, enfermedad que me dio por la falta de una vacuna . la verdad no fue f\u00e1cil ver la gran diferencia que hab\u00eda entre una persona como yo que padec\u00eda una discapacidad y otra persona que no\u00a0la padec\u00eda. Viv\u00ed\u00a0muchos a\u00f1os resentida con Dios pensando\u00a0 que el era el culpable de todo. sin embargo hab\u00eda\u00a0una fuerza interior que me impulsaba a seguir adelante y querer cambiar mi historia, y no convertirme en una persona com\u00fan. Creo que todo eso me llevo a tratar de marcar la diferencia, y a pesar de no haber logrado todos mis objetivos considero que e hecho de mi historia una ejemplo de vida para las nuevas generaciones. Me considero una luchadora de los derechos de las personas\u00a0con discapacidad y los derechos\u00a0de las mujeres, de la ama de casa so\u00f1adora , de aquella mujer que na a tenido la oportunidad\u00a0de logra grandes haza\u00f1as\u00a0, pero que al igual forma tienen los mismos derechos y oportunidades\u00a0que cualquier otra .<\/span><\/p><p>Muy buenos d\u00edas Eduardo, un gusto saludarlo es muy importante conocer historias de personas que han podido superar ciertas adversidades, y le voy a contar una historia de una gran amiga, los personas mas conocidos para mi son de personas que tienen alg\u00fan tipo de discapacidad, ya que yo tambi\u00e9n padezco una y es as\u00ed que e tenido la oportunidad de conocer mas casos, pero me gustar\u00eda que de alguna manera me haga saber que a le\u00edda una parte de mi historia y la que le contare a continuaci\u00f3n.\u00a0<\/p><p>Tengo la oportunidad de conocer a una madre que se sacrifico por salvar la vida de su hija, quiz\u00e1s como ella hay muchos casos, pero es admirable cuando uno tiene a hero\u00ednas cerca y conoces su historia contada de su misma boca .\u00a0<\/p><p>Ella ten\u00eda un carro muy elegante en ese tiempo y era la que le administrativa un negocio de la mama, ya que era una persona mayor,ac\u00e1 en Ecuador sobre todo donde yo vivo contamos con un ingenio azucarero, uno de los mejores de Sur Am\u00e9rica, la mama de mi amiga tenia unos camiones que trabajaban en dicho ingenio transportando la ca\u00f1a, cierto d\u00eda uno de los camiones sufri\u00f3 un desperfecto y el ch\u00f3fer del cami\u00f3n les llamo para que vayan hasta el lugar y compren el repuesto, mi amiga tenia una ni\u00f1a de tres a\u00f1os de edad, mientras revisan el cami\u00f3n da\u00f1ado la ni\u00f1a jugaba cerca de la mama, cuando repentinamente aparece un cami\u00f3n que pudiendo detenerse al ver la ni\u00f1a en medio de la v\u00eda continuaba su marcha, la madre al percatarse de ello se lanza entre las llantas del veh\u00edculo pesad ,al parecer el ch\u00f3fer estaba borracho, ellalogra empujar a la ni\u00f1a pero lamentablemente ella es aplastada por el enorme cami\u00f3n quien trituro sus piernas, quedando en mal estado y muy grave por la seriedad del accidente, ella fue llevada de manera urgente al hospital de la ciudad, quienes al ver el caso y la gravedad de las heridas deciden llevarla a un hospital mas grande y que queda a hora y media de viaje, su estado era muy delicado, ella entro en coma y as\u00ed estuvo durante un tiempo, luego que ella sale del coma, y ya le tocaba darle de alta hab\u00eda que decirle lo que hab\u00eda pasado, pero los familiares no sab\u00edan como hacerlo, como decirle que hab\u00eda perdido sus dos piernas, cuando ella sale del coma la manten\u00eda sedada, y no se hab\u00eda dado cuenta de lo que hab\u00eda sucedido y paso as\u00ed durante unos meses, pero ya cuando llego el d\u00eda de su salida, el esposo tomando valor deside contarle , ella no hab\u00eda notado la tragedia que le hab\u00eda pasado sent\u00eda sus piernas aun , pero ya no las tenia, decide levantar su sabanas y descubre que sus piernas ya no las tenia, pego un grito desgarrador , en ese momento el dolor era muy fuerte y se desmayo , no pudo salir del hospital hasta despu\u00e9s de un buen tiempo, ya que tuvo que someterse a tratamiento psicol\u00f3gico, el tiempo paso, y tuvo que enfrentar su realidad regresar a casa, pero durante los primeros a\u00f1os no salia no hablaba con nadie no aceptaba visitas, hasta que un d\u00eda se dio cuenta que no pod\u00eda cambiar lo sucedido, pero ella tenia que continuar, su vida iba hacer diferente , pero ella era la que detrminaria como iba a marcar la diferencia, decide buscar trabajo, comenz\u00f3 a salir a trabajar a tener una vida en familia, y demostrar que no hay nada que le impida salir adelante si tu desisdes continuar, ella logro superar esos obst\u00e1culos, pudo tener otro bebe es mama de dos ni\u00f1os, trabaja maneja un veh\u00edculo que ella misma adapto disfruta de lo que Dios le dio, que fue la oportunidad de una nueva vida.<\/p>\t\t\t\t\t\t\t\t<\/div>\n\t\t\t\t<\/div>\n\t\t\t\t\t<\/div>\n\t\t<\/div>\n\t\t\t\t\t<\/div>\n\t\t<\/section>\n\t\t\t\t<section class=\"elementor-section elementor-top-section elementor-element elementor-element-6407cbb elementor-section-boxed elementor-section-height-default elementor-section-height-default\" data-id=\"6407cbb\" data-element_type=\"section\">\n\t\t\t\t\t\t<div class=\"elementor-container elementor-column-gap-default\">\n\t\t\t\t\t<div class=\"elementor-column elementor-col-100 elementor-top-column elementor-element elementor-element-9c8a5be\" data-id=\"9c8a5be\" data-element_type=\"column\">\n\t\t\t<div class=\"elementor-widget-wrap elementor-element-populated\">\n\t\t\t\t\t\t<div class=\"elementor-element elementor-element-520be75 elementor-widget-divider--view-line elementor-widget elementor-widget-divider\" data-id=\"520be75\" data-element_type=\"widget\" data-widget_type=\"divider.default\">\n\t\t\t\t<div class=\"elementor-widget-container\">\n\t\t\t\t\t\t\t<div class=\"elementor-divider\">\n\t\t\t<span class=\"elementor-divider-separator\">\n\t\t\t\t\t\t<\/span>\n\t\t<\/div>\n\t\t\t\t\t\t<\/div>\n\t\t\t\t<\/div>\n\t\t\t\t\t<\/div>\n\t\t<\/div>\n\t\t\t\t\t<\/div>\n\t\t<\/section>\n\t\t\t\t<section class=\"elementor-section elementor-top-section elementor-element elementor-element-2ee3f1c elementor-section-boxed elementor-section-height-default elementor-section-height-default\" data-id=\"2ee3f1c\" data-element_type=\"section\">\n\t\t\t\t\t\t<div class=\"elementor-container elementor-column-gap-default\">\n\t\t\t\t\t<div class=\"elementor-column elementor-col-100 elementor-top-column elementor-element elementor-element-f88a8d0\" data-id=\"f88a8d0\" data-element_type=\"column\">\n\t\t\t<div class=\"elementor-widget-wrap elementor-element-populated\">\n\t\t\t\t\t\t<div class=\"elementor-element elementor-element-50fdf90 elementor-widget elementor-widget-text-editor\" data-id=\"50fdf90\" data-element_type=\"widget\" data-widget_type=\"text-editor.default\">\n\t\t\t\t<div class=\"elementor-widget-container\">\n\t\t\t\t\t\t\t\t\t<p>Gracias Graciela por colaborar tambi\u00e9n con tu historia.<\/p><p>Mi nombre es Gracie, tengo 42 a\u00f1os, tengo dos hermosos hijos a quienes amo.La HISTORIA es mia&#8230;perd\u00ed hace cuatro a\u00f1os a la persona que m\u00e1s he querido en el mundo!, tiene miles de defectos pero fue la persona que m\u00e1s me ha apoyado y aceptado tal cual soy, hablo de mi querido padre&#8230;falleci\u00f3 a los 72 a\u00f1os despu\u00e9s de una larga enfermedad card\u00edaca diagnosticada como arritmia que luego se convirti\u00f3 en fibrilacion ventricular y por \u00faltimo lo llev\u00f3 a un derrame mesentero seg\u00fan profesionales de la salud.<\/p><p>Era mi confidente, mi amigo&#8230;nos pareciamos bastante! Ca\u00ed en una profunda depresi\u00f3n, no pod\u00eda aceptar su partida, visitaba clinicos, psic\u00f3logos para poder aceptar su muerte y procesar&#8230;ten\u00eda un vacio inmenso que llenaba con antidepresivos y ansiol\u00edticos y terapias.Bueno tambi\u00e9n busque a Dios, ya no quer\u00eda vivir, ten\u00eda ataques de pensamientos suicidas.<\/p><p>Un pastor que ni siquiera forma parte de mi religi\u00f3n&#8230;me ayud\u00f3 mucho!!&#8230;la terapeuta y los medicamentos tambi\u00e9n hicieron su parte.<\/p><p>Hoy puedo decir con mucha alegr\u00eda que he aprendido a soltar , a dejar ir a mi querido padre&#8230;lo recuerdo con cari\u00f1o!&#8230;sano mi dolor&#8230;despu\u00e9s de dos a\u00f1os de lucha y reca\u00eddas.Hace exactamente dos a\u00f1os estoy sin antidepresivos y sin terapia, aunque algunas veces tomo ansiol\u00edticos.<\/p><p>Solo puedo decir que la DEPRESI\u00d3N se puede vencer!! Con paciencia, amor, terapia, ayuda espiritual, medicaci\u00f3n y GANAS DE VIVIR a pesar de las adversidades&#8230;es lo que yo quiero compartir, espero le sirva a alguien mi historia. Muchas Gracias<\/p>\t\t\t\t\t\t\t\t<\/div>\n\t\t\t\t<\/div>\n\t\t\t\t\t<\/div>\n\t\t<\/div>\n\t\t\t\t\t<\/div>\n\t\t<\/section>\n\t\t\t\t<section class=\"elementor-section elementor-top-section elementor-element elementor-element-f36bdeb elementor-section-boxed elementor-section-height-default elementor-section-height-default\" data-id=\"f36bdeb\" data-element_type=\"section\">\n\t\t\t\t\t\t<div class=\"elementor-container elementor-column-gap-default\">\n\t\t\t\t\t<div class=\"elementor-column elementor-col-100 elementor-top-column elementor-element elementor-element-d94ecef\" data-id=\"d94ecef\" data-element_type=\"column\">\n\t\t\t<div class=\"elementor-widget-wrap elementor-element-populated\">\n\t\t\t\t\t\t<div class=\"elementor-element elementor-element-8f7e034 elementor-widget-divider--view-line elementor-widget elementor-widget-divider\" data-id=\"8f7e034\" data-element_type=\"widget\" data-widget_type=\"divider.default\">\n\t\t\t\t<div class=\"elementor-widget-container\">\n\t\t\t\t\t\t\t<div class=\"elementor-divider\">\n\t\t\t<span class=\"elementor-divider-separator\">\n\t\t\t\t\t\t<\/span>\n\t\t<\/div>\n\t\t\t\t\t\t<\/div>\n\t\t\t\t<\/div>\n\t\t\t\t\t<\/div>\n\t\t<\/div>\n\t\t\t\t\t<\/div>\n\t\t<\/section>\n\t\t\t\t<section class=\"elementor-section elementor-top-section elementor-element elementor-element-ffee395 elementor-section-boxed elementor-section-height-default elementor-section-height-default\" data-id=\"ffee395\" data-element_type=\"section\">\n\t\t\t\t\t\t<div class=\"elementor-container elementor-column-gap-default\">\n\t\t\t\t\t<div class=\"elementor-column elementor-col-100 elementor-top-column elementor-element elementor-element-f18ec70\" data-id=\"f18ec70\" data-element_type=\"column\">\n\t\t\t<div class=\"elementor-widget-wrap elementor-element-populated\">\n\t\t\t\t\t\t<div class=\"elementor-element elementor-element-3e84ac6 elementor-widget elementor-widget-text-editor\" data-id=\"3e84ac6\" data-element_type=\"widget\" data-widget_type=\"text-editor.default\">\n\t\t\t\t<div class=\"elementor-widget-container\">\n\t\t\t\t\t\t\t\t\t<p>Lesvy !Gracias por tu apertura en compartir tu historia con nosotros!<\/p><p>Dejenme compartir parte de mi vida,antes de nacer ya me rechazaron,somos tres hijos de pap\u00e1 y mam\u00e1 dos varones y yo la primer hija ,ya cuando cumplI un mes de nacida mis padres se separaron, mi madre sola sin trabajo con tres ni\u00f1os peque\u00f1os se fue a vivir en casa de su mam\u00e1 o sea mi abuela, hac\u00edan tortillas para vender , nunca mi padre nos busco no lo conoc\u00ed, ni idea como es, ya cuando tengo 4 a\u00f1os mi madre se fue a trabajar a la capital , por lo tanto quedamos al cuidado de la abuela , mi madre trabajos solo un a\u00f1o,regreso a casa yo me sent\u00eda feliz que ella estuviera en casa , pero ella no me quer\u00eda yo la abrazaba y siempre rechazo mis abrazos , le molestaba que yo me acercar\u00e1 a ella ,cuando tengo 6 o 7 a\u00f1os un monstruoso hombre abuso de mi, pase mucho tiempo en cama que no quer\u00eda reaccionar, mis hermanitos me cuidaban yo sent\u00eda los besos que me daban en la frente o en la mejilla pero obviamente no quer\u00eda o no pod\u00eda hablar, hasta que por fin al tiempo ya volv\u00ed en si ,pero no recordaba nada de lo ocurrido, cuando ya tengo 8 a\u00f1os se enamor\u00f3 mi mam\u00e1 e hizo su vida con ese hombre ,y bien obviamente le estorbabamis un d\u00eda nos reparti\u00f3 el mayor se qued\u00f3 con la abuela el segundo con una t\u00eda y yo d\u00f3nde una prima ,pero es tan dificil estar con otra gente que no le tengan cari\u00f1o a uno, no soporte y me regreso d\u00f3nde la abuela al a\u00f1o me mandan d\u00f3nde otro tio, ahi era el infierno vivir ah\u00ed para mis primos no era la prima ellos dec\u00edan que era la nacha o trabajadora de ellos ,en ese tiempo me vienen unas pesadillas casi todos los d\u00edas y me despertaba ba\u00f1ada en sudor y llorando porq so\u00f1aba que abusaban de mi ,y luego fui recordando ese horror, y me deprimia con frecuencia ,bueno conoc\u00ed un chico e el colegio pero era mucho mayor que yo,pero bien me case tuvimos tres hijos hermosos ,mi hija mayor mi segundo hijo eramos felices ya cuando salgo embaraza del tercero comenc\u00e9 a tener problemas en mi matrimonio, el no quer\u00eda mi tercer hijo y quer\u00eda que lo abortara, me lastimaba mucho ,nace mi hijo muy lindo pero seguimos en problemas ,luego que llegaba borracho me lastimaba f\u00edsica y moralmente era un infierno pero aun as\u00ed yo lo amaba,adem\u00e1s le soportaba porque yo ten\u00eda miedo de estar sola adem\u00e1s eran tres hijos y yo sola me daba miedo, cuando mi beb\u00e9 ya tiene dos a\u00f1os me doy cuenta que el me enga\u00f1aba fue terrible para mi ,quer\u00eda morirme empece con depresiones por \u00faltimos nos abandon\u00f3 yo solo pasaba llorando depresiva me encerraba a llorar por horas en el ba\u00f1o con ganas de morirme me quer\u00eda hacer da\u00f1o yo sola muchas veces tome pastillas pero gracias a Dios aqu\u00ed estoy ,ya de tanto llorar u d\u00eda llore toda una noche y ne dije ya vasta tengo que sacar adelante mis hijos como es posible que yo los este descuidando si solo me tienen a mi ! Bien comenc\u00e9 a estudiar a prepararme para olvidar todo y pasar ocupada y por supuesto asustada teni a que sacar tres ni\u00f1os adelante y yo sola , me gradu\u00e9 de licenciada en pedagog\u00eda aunque con muchas dificultades pero lo logr\u00e9 ese d\u00eda fue maravilloso mis hijos orgullosos porq su madre logro unos de sus prop\u00f3sitos fui dif\u00edcil pero Dios jam\u00e1s me dejo sola fui superando cada uno de los golpes de la vida tambi\u00e9n me siento plena ahora soy servidora de Cristo y me siento feliz<\/p>\t\t\t\t\t\t\t\t<\/div>\n\t\t\t\t<\/div>\n\t\t\t\t\t<\/div>\n\t\t<\/div>\n\t\t\t\t\t<\/div>\n\t\t<\/section>\n\t\t\t\t<\/div>\n\t\t","protected":false},"excerpt":{"rendered":"<p>El rabajo nos brindaretos, mezclados con los de la vida personal que puede parecer inmanejable, pero aqu\u00ed leer\u00e1s c\u00f3mo otras personas le hacen frente a estos gigantes como el estr\u00e9s<\/p>\n","protected":false},"author":2,"featured_media":4207,"comment_status":"open","ping_status":"open","sticky":false,"template":"","format":"standard","meta":{"footnotes":""},"categories":[46],"tags":[],"class_list":["entry","author-eduardo","has-excerpt","post-4206","post","type-post","status-publish","format-standard","has-post-thumbnail","category-motivacion-laboral-2"],"aioseo_notices":[],"_links":{"self":[{"href":"https:\/\/www.psicologialaboral.net\/articulos\/wp-json\/wp\/v2\/posts\/4206","targetHints":{"allow":["GET"]}}],"collection":[{"href":"https:\/\/www.psicologialaboral.net\/articulos\/wp-json\/wp\/v2\/posts"}],"about":[{"href":"https:\/\/www.psicologialaboral.net\/articulos\/wp-json\/wp\/v2\/types\/post"}],"author":[{"embeddable":true,"href":"https:\/\/www.psicologialaboral.net\/articulos\/wp-json\/wp\/v2\/users\/2"}],"replies":[{"embeddable":true,"href":"https:\/\/www.psicologialaboral.net\/articulos\/wp-json\/wp\/v2\/comments?post=4206"}],"version-history":[{"count":7,"href":"https:\/\/www.psicologialaboral.net\/articulos\/wp-json\/wp\/v2\/posts\/4206\/revisions"}],"predecessor-version":[{"id":4215,"href":"https:\/\/www.psicologialaboral.net\/articulos\/wp-json\/wp\/v2\/posts\/4206\/revisions\/4215"}],"wp:featuredmedia":[{"embeddable":true,"href":"https:\/\/www.psicologialaboral.net\/articulos\/wp-json\/wp\/v2\/media\/4207"}],"wp:attachment":[{"href":"https:\/\/www.psicologialaboral.net\/articulos\/wp-json\/wp\/v2\/media?parent=4206"}],"wp:term":[{"taxonomy":"category","embeddable":true,"href":"https:\/\/www.psicologialaboral.net\/articulos\/wp-json\/wp\/v2\/categories?post=4206"},{"taxonomy":"post_tag","embeddable":true,"href":"https:\/\/www.psicologialaboral.net\/articulos\/wp-json\/wp\/v2\/tags?post=4206"}],"curies":[{"name":"wp","href":"https:\/\/api.w.org\/{rel}","templated":true}]}}